{"id":2742,"date":"2017-02-13T11:35:24","date_gmt":"2017-02-13T11:35:24","guid":{"rendered":"http:\/\/www.edgeccf.com\/?p=2742\/"},"modified":"2017-02-13T12:42:51","modified_gmt":"2017-02-13T12:42:51","slug":"hurriyet-iyi-bir-baslangic-oldu","status":"publish","type":"post","link":"https:\/\/www.edgeccf.com\/tr\/hurriyet-iyi-bir-baslangic-oldu\/","title":{"rendered":"H\u00fcrriyet: &#8220;\u0130yi Bir Ba\u015flang\u0131\u00e7 Oldu&#8221;"},"content":{"rendered":"","protected":false},"excerpt":{"rendered":"","protected":false},"author":2,"featured_media":2756,"comment_status":"closed","ping_status":"closed","sticky":false,"template":"","format":"standard","meta":{"ngg_post_thumbnail":0,"wds_primary_category":0,"footnotes":""},"categories":[13,4],"tags":[],"class_list":["post-2742","post","type-post","status-publish","format-standard","has-post-thumbnail","hentry","category-53-uluslararasi-antalya-film-festivali","category-haberler"],"_links":{"self":[{"href":"https:\/\/www.edgeccf.com\/tr\/wp-json\/wp\/v2\/posts\/2742","targetHints":{"allow":["GET"]}}],"collection":[{"href":"https:\/\/www.edgeccf.com\/tr\/wp-json\/wp\/v2\/posts"}],"about":[{"href":"https:\/\/www.edgeccf.com\/tr\/wp-json\/wp\/v2\/types\/post"}],"author":[{"embeddable":true,"href":"https:\/\/www.edgeccf.com\/tr\/wp-json\/wp\/v2\/users\/2"}],"replies":[{"embeddable":true,"href":"https:\/\/www.edgeccf.com\/tr\/wp-json\/wp\/v2\/comments?post=2742"}],"version-history":[{"count":0,"href":"https:\/\/www.edgeccf.com\/tr\/wp-json\/wp\/v2\/posts\/2742\/revisions"}],"wp:featuredmedia":[{"embeddable":true,"href":"https:\/\/www.edgeccf.com\/tr\/wp-json\/wp\/v2\/media\/2756"}],"wp:attachment":[{"href":"https:\/\/www.edgeccf.com\/tr\/wp-json\/wp\/v2\/media?parent=2742"}],"wp:term":[{"taxonomy":"category","embeddable":true,"href":"https:\/\/www.edgeccf.com\/tr\/wp-json\/wp\/v2\/categories?post=2742"},{"taxonomy":"post_tag","embeddable":true,"href":"https:\/\/www.edgeccf.com\/tr\/wp-json\/wp\/v2\/tags?post=2742"}],"curies":[{"name":"wp","href":"https:\/\/api.w.org\/{rel}","templated":true}]}}