{"id":2646,"date":"2017-02-12T16:48:57","date_gmt":"2017-02-12T16:48:57","guid":{"rendered":"http:\/\/www.edgeccf.com\/?p=2646\/"},"modified":"2017-02-12T16:48:57","modified_gmt":"2017-02-12T16:48:57","slug":"posta-kortejde-cig-kofte","status":"publish","type":"post","link":"https:\/\/www.edgeccf.com\/tr\/posta-kortejde-cig-kofte\/","title":{"rendered":"Posta: &#8220;Kortejde \u00c7i\u011f K\u00f6fte&#8221;"},"content":{"rendered":"","protected":false},"excerpt":{"rendered":"","protected":false},"author":2,"featured_media":2647,"comment_status":"closed","ping_status":"closed","sticky":false,"template":"","format":"standard","meta":{"ngg_post_thumbnail":0,"wds_primary_category":0,"footnotes":""},"categories":[13,4],"tags":[],"class_list":["post-2646","post","type-post","status-publish","format-standard","has-post-thumbnail","hentry","category-53-uluslararasi-antalya-film-festivali","category-haberler"],"_links":{"self":[{"href":"https:\/\/www.edgeccf.com\/tr\/wp-json\/wp\/v2\/posts\/2646","targetHints":{"allow":["GET"]}}],"collection":[{"href":"https:\/\/www.edgeccf.com\/tr\/wp-json\/wp\/v2\/posts"}],"about":[{"href":"https:\/\/www.edgeccf.com\/tr\/wp-json\/wp\/v2\/types\/post"}],"author":[{"embeddable":true,"href":"https:\/\/www.edgeccf.com\/tr\/wp-json\/wp\/v2\/users\/2"}],"replies":[{"embeddable":true,"href":"https:\/\/www.edgeccf.com\/tr\/wp-json\/wp\/v2\/comments?post=2646"}],"version-history":[{"count":0,"href":"https:\/\/www.edgeccf.com\/tr\/wp-json\/wp\/v2\/posts\/2646\/revisions"}],"wp:featuredmedia":[{"embeddable":true,"href":"https:\/\/www.edgeccf.com\/tr\/wp-json\/wp\/v2\/media\/2647"}],"wp:attachment":[{"href":"https:\/\/www.edgeccf.com\/tr\/wp-json\/wp\/v2\/media?parent=2646"}],"wp:term":[{"taxonomy":"category","embeddable":true,"href":"https:\/\/www.edgeccf.com\/tr\/wp-json\/wp\/v2\/categories?post=2646"},{"taxonomy":"post_tag","embeddable":true,"href":"https:\/\/www.edgeccf.com\/tr\/wp-json\/wp\/v2\/tags?post=2646"}],"curies":[{"name":"wp","href":"https:\/\/api.w.org\/{rel}","templated":true}]}}