{"id":2600,"date":"2017-02-12T15:50:57","date_gmt":"2017-02-12T15:50:57","guid":{"rendered":"http:\/\/www.edgeccf.com\/?p=2600\/"},"modified":"2017-02-12T15:50:57","modified_gmt":"2017-02-12T15:50:57","slug":"birgun-tereddut-toz-antalyada-uluslararasi-yarismanin-adayi","status":"publish","type":"post","link":"https:\/\/www.edgeccf.com\/tr\/birgun-tereddut-toz-antalyada-uluslararasi-yarismanin-adayi\/","title":{"rendered":"Birg\u00fcn: &#8220;Teredd\u00fct ve Toz, Antalya&#8217;da Uluslararas\u0131 Yar\u0131\u015fman\u0131n Aday\u0131&#8221;"},"content":{"rendered":"","protected":false},"excerpt":{"rendered":"","protected":false},"author":2,"featured_media":2601,"comment_status":"closed","ping_status":"closed","sticky":false,"template":"","format":"standard","meta":{"ngg_post_thumbnail":0,"wds_primary_category":0,"footnotes":""},"categories":[13,4],"tags":[],"class_list":["post-2600","post","type-post","status-publish","format-standard","has-post-thumbnail","hentry","category-53-uluslararasi-antalya-film-festivali","category-haberler"],"_links":{"self":[{"href":"https:\/\/www.edgeccf.com\/tr\/wp-json\/wp\/v2\/posts\/2600","targetHints":{"allow":["GET"]}}],"collection":[{"href":"https:\/\/www.edgeccf.com\/tr\/wp-json\/wp\/v2\/posts"}],"about":[{"href":"https:\/\/www.edgeccf.com\/tr\/wp-json\/wp\/v2\/types\/post"}],"author":[{"embeddable":true,"href":"https:\/\/www.edgeccf.com\/tr\/wp-json\/wp\/v2\/users\/2"}],"replies":[{"embeddable":true,"href":"https:\/\/www.edgeccf.com\/tr\/wp-json\/wp\/v2\/comments?post=2600"}],"version-history":[{"count":0,"href":"https:\/\/www.edgeccf.com\/tr\/wp-json\/wp\/v2\/posts\/2600\/revisions"}],"wp:featuredmedia":[{"embeddable":true,"href":"https:\/\/www.edgeccf.com\/tr\/wp-json\/wp\/v2\/media\/2601"}],"wp:attachment":[{"href":"https:\/\/www.edgeccf.com\/tr\/wp-json\/wp\/v2\/media?parent=2600"}],"wp:term":[{"taxonomy":"category","embeddable":true,"href":"https:\/\/www.edgeccf.com\/tr\/wp-json\/wp\/v2\/categories?post=2600"},{"taxonomy":"post_tag","embeddable":true,"href":"https:\/\/www.edgeccf.com\/tr\/wp-json\/wp\/v2\/tags?post=2600"}],"curies":[{"name":"wp","href":"https:\/\/api.w.org\/{rel}","templated":true}]}}